{"id":1105,"date":"2025-07-26T10:00:00","date_gmt":"2025-07-26T08:00:00","guid":{"rendered":"https:\/\/ip-m.com\/?p=1105"},"modified":"2025-07-26T10:00:05","modified_gmt":"2025-07-26T08:00:05","slug":"revue-i-pm-n-13_2019","status":"publish","type":"post","link":"https:\/\/ip-m.com\/index.php\/2025\/07\/26\/revue-i-pm-n-13_2019\/","title":{"rendered":"Revue I.P&#038;M n\u00b0 13\/2019 &#8211; \u00c9dition Acad\u00e9mique"},"content":{"rendered":"\n<p>Claire D\u2019Hennezel, Anne Lubnau Wimez \u2013 Analyse des nouvelles formes de contestation de l\u2019ub\u00e9risation via les r\u00e9seaux sociaux : Quelles lectures \u00e9conomiques, sociales, culturelles, politiques dans l\u2019organisation du travail au sein des entreprises ?<\/p>\n\n\n\n<p>\u00c9ric Lacombe, S\u00e9bastien Durost \u2013 Une approche holonique pour \u00e9clairer l\u2019\u00e9volution du travail \u00e0 l\u2019\u00e8re num\u00e9rique ou \u00ab Ne poussez-pas, il y a de la place pour tout le monde \u00bb ?<\/p>\n\n\n\n<p>J\u00e9r\u00f4me Camp \u2013 Les limites de l\u2019int\u00e9gration \u00e0 l\u2019embauche des jeunes \u00e0 faible capital scolaire ou le mythe de Sisyphe pour le recruteur.<\/p>\n\n\n\n<p>Annick Schott \u2013 Les perspectives des Nouvelles Dynamiques du Travail en PME : \u00c9clairage \u00e0 l\u2019aune du d\u00e9veloppement du faire autrement d\u2019un Lean Equipe.<\/p>\n\n\n\n<p>Marc Lasseaux \u2013 \u00ab Les nouvelles dynamiques du travail, ou le discours du Ma\u00eetre ?<\/p>\n\n\n\n<p>Daniel Bonnet \u2013 Nouvelles dynamiques du travail et emprise de la gouvernementalit\u00e9 num\u00e9rique. M\u00e9diation algorithmique du sujet \u00e9pist\u00e9mique. M\u00e9tamorphose du mode d\u2019existence du sujet.<\/p>\n\n\n\n<p>Dani\u00e8le Peto \u2013 Au-del\u00e0 des nouvelles dynamiques du travail, une nouvelle anthropologie du sujet ?<\/p>\n\n\n\n<div class=\"wp-block-file\"><object class=\"wp-block-file__embed\" data=\"https:\/\/ip-m.com\/wp-content\/uploads\/2023\/09\/REVUE-IPM_13-2019_TEXTES_n-13-2019-Montage-VF-AGL-VF-Vers.-WEB.pdf\" type=\"application\/pdf\" style=\"width:100%;height:600px\" aria-label=\"Contenu embarqu\u00e9 REVUE-IPM_13-2019_TEXTES_n-13-2019-Montage-VF-AGL-VF-Vers.-WEB.\"><\/object><a id=\"wp-block-file--media-f6f4702c-ac15-49f2-8547-552ca5477e80\" href=\"https:\/\/ip-m.com\/wp-content\/uploads\/2023\/09\/REVUE-IPM_13-2019_TEXTES_n-13-2019-Montage-VF-AGL-VF-Vers.-WEB.pdf\">REVUE-IPM_13-2019_TEXTES_n-13-2019-Montage-VF-AGL-VF-Vers.-WEB<\/a><a href=\"https:\/\/ip-m.com\/wp-content\/uploads\/2023\/09\/REVUE-IPM_13-2019_TEXTES_n-13-2019-Montage-VF-AGL-VF-Vers.-WEB.pdf\" class=\"wp-block-file__button\" download aria-describedby=\"wp-block-file--media-f6f4702c-ac15-49f2-8547-552ca5477e80\">T\u00e9l\u00e9charger<\/a><\/div>\n\n\n","protected":false},"excerpt":{"rendered":"<p>Claire D\u2019Hennezel, Anne Lubnau Wimez \u2013 Analyse des nouvelles formes de contestation de l\u2019ub\u00e9risation via les r\u00e9seaux sociaux : Quelles lectures \u00e9conomiques, sociales, culturelles, politiques dans l\u2019organisation du travail au sein des entreprises ? \u00c9ric Lacombe, S\u00e9bastien Durost \u2013 Une approche holonique pour \u00e9clairer l\u2019\u00e9volution du travail \u00e0 l\u2019\u00e8re num\u00e9rique ou \u00ab Ne poussez-pas, il &hellip; <a href=\"https:\/\/ip-m.com\/index.php\/2025\/07\/26\/revue-i-pm-n-13_2019\/\" class=\"more-link\">Continuer la lecture de <span class=\"screen-reader-text\">Revue I.P&#038;M n\u00b0 13\/2019 &#8211; \u00c9dition Acad\u00e9mique<\/span><\/a><\/p>\n","protected":false},"author":2,"featured_media":0,"comment_status":"closed","ping_status":"open","sticky":false,"template":"","format":"standard","meta":[],"categories":[28],"tags":[],"_links":{"self":[{"href":"https:\/\/ip-m.com\/index.php\/wp-json\/wp\/v2\/posts\/1105"}],"collection":[{"href":"https:\/\/ip-m.com\/index.php\/wp-json\/wp\/v2\/posts"}],"about":[{"href":"https:\/\/ip-m.com\/index.php\/wp-json\/wp\/v2\/types\/post"}],"author":[{"embeddable":true,"href":"https:\/\/ip-m.com\/index.php\/wp-json\/wp\/v2\/users\/2"}],"replies":[{"embeddable":true,"href":"https:\/\/ip-m.com\/index.php\/wp-json\/wp\/v2\/comments?post=1105"}],"version-history":[{"count":8,"href":"https:\/\/ip-m.com\/index.php\/wp-json\/wp\/v2\/posts\/1105\/revisions"}],"predecessor-version":[{"id":1495,"href":"https:\/\/ip-m.com\/index.php\/wp-json\/wp\/v2\/posts\/1105\/revisions\/1495"}],"wp:attachment":[{"href":"https:\/\/ip-m.com\/index.php\/wp-json\/wp\/v2\/media?parent=1105"}],"wp:term":[{"taxonomy":"category","embeddable":true,"href":"https:\/\/ip-m.com\/index.php\/wp-json\/wp\/v2\/categories?post=1105"},{"taxonomy":"post_tag","embeddable":true,"href":"https:\/\/ip-m.com\/index.php\/wp-json\/wp\/v2\/tags?post=1105"}],"curies":[{"name":"wp","href":"https:\/\/api.w.org\/{rel}","templated":true}]}}