{"id":539,"date":"2021-09-01T16:15:49","date_gmt":"2021-09-01T14:15:49","guid":{"rendered":"http:\/\/lacombe.eu\/ipm\/?p=539"},"modified":"2024-02-20T10:56:36","modified_gmt":"2024-02-20T09:56:36","slug":"colloque-oriane-2021","status":"publish","type":"post","link":"https:\/\/ip-m.com\/index.php\/2021\/09\/01\/colloque-oriane-2021\/","title":{"rendered":"Colloque ARIA 2024"},"content":{"rendered":"\n<p><\/p>\n\n\n\n<figure class=\"wp-block-image size-full\"><img loading=\"lazy\" width=\"453\" height=\"314\" src=\"https:\/\/ip-m.com\/wp-content\/uploads\/2024\/02\/image.png\" alt=\"\" class=\"wp-image-1163\" srcset=\"https:\/\/ip-m.com\/wp-content\/uploads\/2024\/02\/image.png 453w, https:\/\/ip-m.com\/wp-content\/uploads\/2024\/02\/image-300x208.png 300w\" sizes=\"(max-width: 453px) 100vw, 453px\" \/><\/figure>\n\n\n\n<div class=\"wp-block-image\"><figure class=\"alignleft is-resized\"><img loading=\"lazy\" src=\"https:\/\/ip-m.com\/wp-content\/uploads\/2020\/03\/logo-iutbay2017.png\" alt=\"\" class=\"wp-image-247\" width=\"72\" height=\"105\" srcset=\"https:\/\/ip-m.com\/wp-content\/uploads\/2020\/03\/logo-iutbay2017.png 430w, https:\/\/ip-m.com\/wp-content\/uploads\/2020\/03\/logo-iutbay2017-207x300.png 207w\" sizes=\"(max-width: 72px) 100vw, 72px\" \/><\/figure><\/div>\n\n\n\n<div class=\"wp-block-image\"><figure class=\"aligncenter is-resized\"><img loading=\"lazy\" src=\"https:\/\/ip-m.com\/wp-content\/uploads\/2020\/03\/logoUPPA.png\" alt=\"\" class=\"wp-image-248\" width=\"216\" height=\"82\"\/><\/figure><\/div>\n\n\n\n<h3><strong>XXe colloque francophone sur le risque Oriane (Jeudi 26 septembre et Vendredi 27 septembre 2024)<\/strong><\/h3>\n\n\n\n<p><strong>Anticiper le risque pour l&rsquo;innovation : une contrainte technique ou sociale ?<\/strong><\/p>\n\n\n\n<p>Les 26 et 27 septembre 2024 aura lieu le premier colloque ARIA (Anticiper les risques par l&rsquo;innovation) \u00e0 l\u2019IUT de Bayonne avec le soutien de neuf associations et r\u00e9seaux scientifiques : ADERSE, AGRH, AIRSP\u00e9, IAS, IP&amp;M, RRI (R\u00e9seau de Recherche sur \u2019Innovation), SPSG, ANDESE et CIRERO.<\/p>\n\n\n\n<p class=\"has-text-align-left\">Que ce soit lors du lancement d\u2019un projet d\u2019envergure, au cours de sa r\u00e9alisation ou de l\u2019exploitation d\u2019un syst\u00e8me technique lors de son d\u00e9mant\u00e8lement ou bien encore lors de toute prise de d\u00e9cision, le risque est omnipr\u00e9sent. La mise en place d\u2019actions plus innovantes en mati\u00e8re d\u2019analyse des risques doit \u00eatre compl\u00e9t\u00e9e par une r\u00e9flexion manag\u00e9riale sur les approches globales afin de susciter une meilleure compr\u00e9hension de chacun face au risque. Aujourd\u2019hui, l\u2019influence des travaux, men\u00e9s dans les domaines de la s\u00fbret\u00e9 de fonctionnement, de la fiabilit\u00e9 ou de la s\u00e9curit\u00e9, est ind\u00e9niable. Mais il convient d\u2019aller plus loin dans la r\u00e9flexion \u00e0 la lumi\u00e8re de ces avanc\u00e9es, en adoptant une vision pluridisciplinaire de ce champ d\u2019investigation. Le risque n\u2019est pas seulement technique ou technologique, puisqu\u2019il est li\u00e9, entre autres, aux facteurs naturels, humains, environnementaux, juridiques, gestionnaires ou \u00e9conomiques. La perception et l\u2019acceptabilit\u00e9 du risque renvoient donc vers de multiples facettes qu\u2019il convient d\u2019\u00e9tudier.<\/p>\n\n\n\n<p>Renseignements disponibles sur le site<strong>\u00a0<a rel=\"noreferrer noopener\" href=\"https:\/\/aria2024.sciencesconf.org\/\" target=\"_blank\">https:\/\/aria2024.sciencesconf.org<\/a><\/strong><\/p>\n\n\n\n<p>Date limite d\u2019envoi des projets \u00ab&nbsp;complets&nbsp;\u00bb de communication&nbsp;: 3 juin 2024<\/p>\n\n\n\n<p>Remise des avis \u00e9manant des rapporteurs du comit\u00e9 scientifique : 1er juillet 2024<\/p>\n\n\n\n<p>Date limite de remise\u00a0des projets de communication corrig\u00e9s : 2 septembre 2024<\/p>\n\n\n\n<p>Bernard GUILLON &#8211; Responsable du Colloque ARIA<\/p>\n\n\n\n<p><strong>Pour de plus amples informations &gt; Contacter Bernard Guillon : &nbsp;\u00a0\u00bb <a rel=\"noreferrer noopener\" href=\"mailto:guillon@iutbayonne.univ-pau.fr\" target=\"_blank\">guillon@iutbayonne.univ-pau.fr<\/a><\/strong><strong>&nbsp;&nbsp;\u00a0\u00bb&nbsp;<\/strong><\/p>\n\n\n\n<div class=\"wp-block-file\"><object class=\"wp-block-file__embed\" data=\"https:\/\/ip-m.com\/wp-content\/uploads\/2024\/02\/ARIA-2024-Appel-coms.pdf\" type=\"application\/pdf\" style=\"width:100%;height:600px\" aria-label=\"Contenu embarqu\u00e9 ARIA-2024-Appel-coms.\"><\/object><a id=\"wp-block-file--media-566b3394-5c26-48d3-ac95-cf9633061d22\" href=\"https:\/\/ip-m.com\/wp-content\/uploads\/2024\/02\/ARIA-2024-Appel-coms.pdf\">ARIA-2024-Appel-coms<\/a><a href=\"https:\/\/ip-m.com\/wp-content\/uploads\/2024\/02\/ARIA-2024-Appel-coms.pdf\" class=\"wp-block-file__button\" download aria-describedby=\"wp-block-file--media-566b3394-5c26-48d3-ac95-cf9633061d22\">T\u00e9l\u00e9charger<\/a><\/div>\n\n\n\n<p><\/p>\n","protected":false},"excerpt":{"rendered":"<p>XXe colloque francophone sur le risque Oriane (Jeudi 26 septembre et Vendredi 27 septembre 2024) Anticiper le risque pour l&rsquo;innovation : une contrainte technique ou sociale ? Les 26 et 27 septembre 2024 aura lieu le premier colloque ARIA (Anticiper les risques par l&rsquo;innovation) \u00e0 l\u2019IUT de Bayonne avec le soutien de neuf associations et &hellip; <a href=\"https:\/\/ip-m.com\/index.php\/2021\/09\/01\/colloque-oriane-2021\/\" class=\"more-link\">Continuer la lecture de <span class=\"screen-reader-text\">Colloque ARIA 2024<\/span><\/a><\/p>\n","protected":false},"author":2,"featured_media":0,"comment_status":"closed","ping_status":"open","sticky":false,"template":"","format":"standard","meta":[],"categories":[22],"tags":[],"_links":{"self":[{"href":"https:\/\/ip-m.com\/index.php\/wp-json\/wp\/v2\/posts\/539"}],"collection":[{"href":"https:\/\/ip-m.com\/index.php\/wp-json\/wp\/v2\/posts"}],"about":[{"href":"https:\/\/ip-m.com\/index.php\/wp-json\/wp\/v2\/types\/post"}],"author":[{"embeddable":true,"href":"https:\/\/ip-m.com\/index.php\/wp-json\/wp\/v2\/users\/2"}],"replies":[{"embeddable":true,"href":"https:\/\/ip-m.com\/index.php\/wp-json\/wp\/v2\/comments?post=539"}],"version-history":[{"count":18,"href":"https:\/\/ip-m.com\/index.php\/wp-json\/wp\/v2\/posts\/539\/revisions"}],"predecessor-version":[{"id":1164,"href":"https:\/\/ip-m.com\/index.php\/wp-json\/wp\/v2\/posts\/539\/revisions\/1164"}],"wp:attachment":[{"href":"https:\/\/ip-m.com\/index.php\/wp-json\/wp\/v2\/media?parent=539"}],"wp:term":[{"taxonomy":"category","embeddable":true,"href":"https:\/\/ip-m.com\/index.php\/wp-json\/wp\/v2\/categories?post=539"},{"taxonomy":"post_tag","embeddable":true,"href":"https:\/\/ip-m.com\/index.php\/wp-json\/wp\/v2\/tags?post=539"}],"curies":[{"name":"wp","href":"https:\/\/api.w.org\/{rel}","templated":true}]}}