{"id":62,"date":"2014-02-01T16:52:07","date_gmt":"2014-02-01T15:52:07","guid":{"rendered":"http:\/\/lacombe.eu\/ipm\/?p=62"},"modified":"2023-12-22T09:42:54","modified_gmt":"2023-12-22T08:42:54","slug":"articuler-intelligence-et-competence-dans-les-organisations","status":"publish","type":"post","link":"https:\/\/ip-m.com\/index.php\/2014\/02\/01\/articuler-intelligence-et-competence-dans-les-organisations\/","title":{"rendered":"Revue I.P&#038;M N\u00b001\/2013"},"content":{"rendered":"\n<h2>Articuler Intelligence et Comp\u00e9tence dans les Organisations<\/h2>\n\n\n\n<p>Coordinateurs : Daniel Bonnet, Nathalie Tessier, Patricia David<\/p>\n\n\n\n<div class=\"wp-block-file\"><a href=\"http:\/\/ip-m.com\/wp-content\/uploads\/2020\/08\/01-2013-Promotion-Revue-I.PM_.pdf\">Promotion Revue I.P&amp;M n\u00b01 2013<\/a><a href=\"http:\/\/ip-m.com\/wp-content\/uploads\/2020\/08\/01-2013-Promotion-Revue-I.PM_.pdf\" class=\"wp-block-file__button\" download>T\u00e9l\u00e9charger<\/a><\/div>\n\n\n\n<div class=\"wp-block-file\"><a href=\"http:\/\/ip-m.com\/wp-content\/uploads\/2020\/08\/01-2013-COUV_RECTO_OUVRAGE_B5_VersionImprimeur.pdf\">Couverture Recto<\/a><a href=\"http:\/\/ip-m.com\/wp-content\/uploads\/2020\/08\/01-2013-COUV_RECTO_OUVRAGE_B5_VersionImprimeur.pdf\" class=\"wp-block-file__button\" download>T\u00e9l\u00e9charger<\/a><\/div>\n\n\n\n<div class=\"wp-block-file\"><a href=\"http:\/\/ip-m.com\/wp-content\/uploads\/2020\/08\/01-2013-COUV_VERSO_OUVRAGE_B5_VersionImprimeur.pdf\">Couverture Verso<\/a><a href=\"http:\/\/ip-m.com\/wp-content\/uploads\/2020\/08\/01-2013-COUV_VERSO_OUVRAGE_B5_VersionImprimeur.pdf\" class=\"wp-block-file__button\" download>T\u00e9l\u00e9charger<\/a><\/div>\n\n\n\n<p>Pour tout renseignement, contacter Annick Schott : <a rel=\"noreferrer noopener\" href=\"mailto:annickschott@free.fr\" target=\"_blank\">annickschott@free.fr<\/a><br><\/p>\n\n\n\n<h2>Liste des articles par auteurs<\/h2>\n\n\n\n<div class=\"wp-block-file\"><a href=\"http:\/\/ip-m.com\/wp-content\/uploads\/2020\/08\/AROUS-Khaled-Revue-I.PM-01-2013.pdf\">AROUS Khaled \u2014 Le management de l\u2019\u00e9valuation individuelle : \u00c9tude des grandes entreprises<\/a><a href=\"http:\/\/ip-m.com\/wp-content\/uploads\/2020\/08\/AROUS-Khaled-Revue-I.PM-01-2013.pdf\" class=\"wp-block-file__button\" download>T\u00e9l\u00e9charger<\/a><\/div>\n\n\n\n<div class=\"wp-block-file\"><a href=\"http:\/\/ip-m.com\/wp-content\/uploads\/2020\/08\/BAUJARD-Corinne-Revue-I.PM-01-2013.pdf\">BAUJARD Corinne \u2014 Intelligence organisationnelle : Exploration des nouvelles modalit\u00e9s de la formation dans la transmission des connaissances<\/a><a href=\"http:\/\/ip-m.com\/wp-content\/uploads\/2020\/08\/BAUJARD-Corinne-Revue-I.PM-01-2013.pdf\" class=\"wp-block-file__button\" download>T\u00e9l\u00e9charger<\/a><\/div>\n\n\n\n<div class=\"wp-block-file\"><a href=\"http:\/\/ip-m.com\/wp-content\/uploads\/2020\/08\/BONNET-Daniel-Revue-I.PM-01-2013.pdf\">BONNET Daniel \u2014 Pilotage de la transformation dans l&rsquo;espace : Un cas de pilotage du palier d&rsquo;\u00e9quilibration dans les p\u00f4les assimilation g\u00e9n\u00e9ralisatrice-accommodation<\/a><a href=\"http:\/\/ip-m.com\/wp-content\/uploads\/2020\/08\/BONNET-Daniel-Revue-I.PM-01-2013.pdf\" class=\"wp-block-file__button\" download>T\u00e9l\u00e9charger<\/a><\/div>\n\n\n\n<div class=\"wp-block-file\"><a href=\"http:\/\/ip-m.com\/wp-content\/uploads\/2020\/09\/BOTET-Georges-Revue-I.PM-01-2013.pdf\">BOTET Georges  \u2014 CUM GRANO SALIS<\/a><a href=\"http:\/\/ip-m.com\/wp-content\/uploads\/2020\/09\/BOTET-Georges-Revue-I.PM-01-2013.pdf\" class=\"wp-block-file__button\" download>T\u00e9l\u00e9charger<\/a><\/div>\n\n\n\n<div class=\"wp-block-file\"><a href=\"http:\/\/ip-m.com\/wp-content\/uploads\/2020\/08\/BOTET-Georges-et-DRILLON-Dominic-Revue-I.PM-01-2013.pdf\">BOTET Georges et DRILLON Dominic  \u2014 \u00ab L\u2019intelligence Un don commun souvent g\u00e2ch\u00e9 ? \u00bb<\/a><a href=\"http:\/\/ip-m.com\/wp-content\/uploads\/2020\/08\/BOTET-Georges-et-DRILLON-Dominic-Revue-I.PM-01-2013.pdf\" class=\"wp-block-file__button\" download>T\u00e9l\u00e9charger<\/a><\/div>\n\n\n\n<div class=\"wp-block-file\"><a href=\"http:\/\/ip-m.com\/wp-content\/uploads\/2020\/08\/DOLLE-Jean-Marie-Revue-I.PM-01-2013docx.pdf\">DOLLE Jean-Marie \u2014 Intelligence, Savoir et Connaissance<\/a><a href=\"http:\/\/ip-m.com\/wp-content\/uploads\/2020\/08\/DOLLE-Jean-Marie-Revue-I.PM-01-2013docx.pdf\" class=\"wp-block-file__button\" download>T\u00e9l\u00e9charger<\/a><\/div>\n\n\n\n<div class=\"wp-block-file\"><a href=\"http:\/\/ip-m.com\/wp-content\/uploads\/2020\/08\/GORGET-Jeremy-Revue-I.PM-01-2013.pdf\">GORGET Jeremy \u2014 FACE A UN DYSFONCTIONNEMENT ORGANISATIONNEL LA LECTURE DES GRANDS AUTEURS DE REFERENCE EN MANAGEMENT FAIT-ELLE PARTIE DES REFLEXES COGNITIFS DES MANAGERS ? Le cas concret d\u2019une entreprise industrielle du secteur de l\u2019a\u00e9ronautique<\/a><a href=\"http:\/\/ip-m.com\/wp-content\/uploads\/2020\/08\/GORGET-Jeremy-Revue-I.PM-01-2013.pdf\" class=\"wp-block-file__button\" download>T\u00e9l\u00e9charger<\/a><\/div>\n\n\n\n<div class=\"wp-block-file\"><a href=\"http:\/\/ip-m.com\/wp-content\/uploads\/2020\/08\/GRESELLE-Olfa-Revue-I.PM-01-2013.pdf\">GRESELLE Olfa \u2014 L\u2019intelligence collective : une m\u00e9ta comp\u00e9tence strat\u00e9gique ? Du management par les comp\u00e9tences au management de l\u2019intelligence collective<\/a><a href=\"http:\/\/ip-m.com\/wp-content\/uploads\/2020\/08\/GRESELLE-Olfa-Revue-I.PM-01-2013.pdf\" class=\"wp-block-file__button\" download>T\u00e9l\u00e9charger<\/a><\/div>\n\n\n\n<div class=\"wp-block-file\"><a href=\"http:\/\/ip-m.com\/wp-content\/uploads\/2020\/08\/GUILLON-Bernard-Revue-I.PM-01-2013.pdf\">GUILLON Bernard \u2014 L\u2019influence de l&rsquo;intelligence \u00ab technique \u00bb sous l\u2019angle de l&rsquo;innovation sur les comp\u00e9tences des cr\u00e9ateurs, des fabricants et des utilisateurs : des pionniers de la comp\u00e9tence cr\u00e9ative \u00e0 une \u00ab ovalisation \u00bb des boucles r\u00e9troactives ou de l\u2019exp\u00e9rience<\/a><a href=\"http:\/\/ip-m.com\/wp-content\/uploads\/2020\/08\/GUILLON-Bernard-Revue-I.PM-01-2013.pdf\" class=\"wp-block-file__button\" download>T\u00e9l\u00e9charger<\/a><\/div>\n\n\n\n<div class=\"wp-block-file\"><a href=\"http:\/\/ip-m.com\/wp-content\/uploads\/2020\/08\/HAIM-Patrick-et-BOUVERESSE-Laurence-Revue-I.PM-01-2013.pdf\">HAIM Patrick et BOUVERESSE Laurence \u2014 Dynamique fonctionnelle au service du Management par l\u2019intelligence<\/a><a href=\"http:\/\/ip-m.com\/wp-content\/uploads\/2020\/08\/HAIM-Patrick-et-BOUVERESSE-Laurence-Revue-I.PM-01-2013.pdf\" class=\"wp-block-file__button\" download>T\u00e9l\u00e9charger<\/a><\/div>\n\n\n\n<div class=\"wp-block-file\"><a href=\"http:\/\/ip-m.com\/wp-content\/uploads\/2020\/08\/KITOUS-Bernard-Revue-I.PM-01-2013.pdf\">KITOUS Bernard Revue \u2014 S\u00e9parations en intelligence ? Les intelligences dans la s\u00e9paration<\/a><a href=\"http:\/\/ip-m.com\/wp-content\/uploads\/2020\/08\/KITOUS-Bernard-Revue-I.PM-01-2013.pdf\" class=\"wp-block-file__button\" download>T\u00e9l\u00e9charger<\/a><\/div>\n\n\n\n<div class=\"wp-block-file\"><a href=\"http:\/\/ip-m.com\/wp-content\/uploads\/2020\/08\/STORA-Jean-Benjamin-et-BOTET-Georges-Revue-I.PM-01-2013.pdf\">STORA Jean Benjamin et BOTET Georges \u2014 Psychanalyse &amp; Management face \u00e0 la question de l\u2019intelligence<\/a><a href=\"http:\/\/ip-m.com\/wp-content\/uploads\/2020\/08\/STORA-Jean-Benjamin-et-BOTET-Georges-Revue-I.PM-01-2013.pdf\" class=\"wp-block-file__button\" download>T\u00e9l\u00e9charger<\/a><\/div>\n\n\n\n<div class=\"wp-block-file\"><a href=\"http:\/\/ip-m.com\/wp-content\/uploads\/2020\/08\/SWARTE-de-Thibault-Revue-I.PM-01-2013.pdf\">SWARTE (de) Thibault \u2014 Quand l\u2019intelligence rationnelle ab\u00eeme les comp\u00e9tences des salari\u00e9s : une organisation high tech et la question de l\u2019imaginaire (1980-2010)<\/a><a href=\"http:\/\/ip-m.com\/wp-content\/uploads\/2020\/08\/SWARTE-de-Thibault-Revue-I.PM-01-2013.pdf\" class=\"wp-block-file__button\" download>T\u00e9l\u00e9charger<\/a><\/div>\n","protected":false},"excerpt":{"rendered":"<p>Articuler Intelligence et Comp\u00e9tence dans les Organisations Coordinateurs : Daniel Bonnet, Nathalie Tessier, Patricia David Liste des articles par auteurs<\/p>\n","protected":false},"author":2,"featured_media":875,"comment_status":"closed","ping_status":"open","sticky":false,"template":"","format":"standard","meta":[],"categories":[28],"tags":[],"_links":{"self":[{"href":"https:\/\/ip-m.com\/index.php\/wp-json\/wp\/v2\/posts\/62"}],"collection":[{"href":"https:\/\/ip-m.com\/index.php\/wp-json\/wp\/v2\/posts"}],"about":[{"href":"https:\/\/ip-m.com\/index.php\/wp-json\/wp\/v2\/types\/post"}],"author":[{"embeddable":true,"href":"https:\/\/ip-m.com\/index.php\/wp-json\/wp\/v2\/users\/2"}],"replies":[{"embeddable":true,"href":"https:\/\/ip-m.com\/index.php\/wp-json\/wp\/v2\/comments?post=62"}],"version-history":[{"count":17,"href":"https:\/\/ip-m.com\/index.php\/wp-json\/wp\/v2\/posts\/62\/revisions"}],"predecessor-version":[{"id":1137,"href":"https:\/\/ip-m.com\/index.php\/wp-json\/wp\/v2\/posts\/62\/revisions\/1137"}],"wp:featuredmedia":[{"embeddable":true,"href":"https:\/\/ip-m.com\/index.php\/wp-json\/wp\/v2\/media\/875"}],"wp:attachment":[{"href":"https:\/\/ip-m.com\/index.php\/wp-json\/wp\/v2\/media?parent=62"}],"wp:term":[{"taxonomy":"category","embeddable":true,"href":"https:\/\/ip-m.com\/index.php\/wp-json\/wp\/v2\/categories?post=62"},{"taxonomy":"post_tag","embeddable":true,"href":"https:\/\/ip-m.com\/index.php\/wp-json\/wp\/v2\/tags?post=62"}],"curies":[{"name":"wp","href":"https:\/\/api.w.org\/{rel}","templated":true}]}}